{"id":2768,"date":"2024-07-11T11:41:39","date_gmt":"2024-07-11T14:41:39","guid":{"rendered":"https:\/\/www.garciakeener.com.br\/?p=2768"},"modified":"2024-07-11T11:41:39","modified_gmt":"2024-07-11T14:41:39","slug":"litigio-zero-prazo-de-adesao-termina-em-31-07","status":"publish","type":"post","link":"https:\/\/www.garciakeener.com.br\/en\/litigio-zero-prazo-de-adesao-termina-em-31-07\/","title":{"rendered":"Lit\u00edgio Zero \u2013 Prazo de Ades\u00e3o termina em 31\/07"},"content":{"rendered":"<p><\/p>\n\n\n\n<p>A Receita Federal lan\u00e7ou o Edital de Transa\u00e7\u00e3o n\u00ba 1 em mar\u00e7o de 2024, com a proposta de transa\u00e7\u00e3o por ades\u00e3o de cr\u00e9dito de natureza tribut\u00e1ria em contencioso administrativo, no \u00e2mbito do Litigio Zero 2024. O prazo para que pessoas F\u00edsicas e Jur\u00eddicas fa\u00e7am sua ades\u00e3o terminar\u00e1 no pr\u00f3ximo dia 31 de julho.<\/p>\n\n\n\n<p>S\u00e3o eleg\u00edveis \u00e0 transa\u00e7\u00e3o os d\u00e9bitos administrativos relativos a tributos administrados pela Receita Federal, desde que cumpram os seguintes crit\u00e9rios:<\/p>\n\n\n\n<p><strong>Limite de Valor<\/strong>: D\u00e9bitos, por contencioso, de at\u00e9 R$ 50.000.000,00.<\/p>\n\n\n\n<p><strong>Contribui\u00e7\u00f5es Sociais<\/strong>:<\/p>\n\n\n\n<p>\u00b7 Contribui\u00e7\u00f5es das empresas incidentes sobre a remunera\u00e7\u00e3o paga ou creditada aos segurados a seu servi\u00e7o.<\/p>\n\n\n\n<p>\u00b7 Contribui\u00e7\u00f5es dos empregadores dom\u00e9sticos.<\/p>\n\n\n\n<p>\u00b7 Contribui\u00e7\u00f5es institu\u00eddas a t\u00edtulo de substitui\u00e7\u00e3o.<\/p>\n\n\n\n<p>\u00b7 Contribui\u00e7\u00f5es devidas por lei a terceiros.<\/p>\n\n\n\n<p><strong>Regime Especial Unificado<\/strong>: D\u00e9bitos do Simples Nacional devem observar o art. 141-E da Resolu\u00e7\u00e3o CGSN n\u00ba 140, de 22 de maio de 2018.<\/p>\n\n\n\n<p><strong>Contencioso Administrativo<\/strong>:<\/p>\n\n\n\n<p>\u00b7 Pend\u00eancias de resolu\u00e7\u00e3o de impugna\u00e7\u00f5es, reclama\u00e7\u00f5es e recursos nas Delegacias de Julgamento da Receita Federal do Brasil (DRJ) ou no Conselho Administrativo de Recursos Fiscais (CARF).<\/p>\n\n\n\n<p>\u00b7 Contenciosos previstos na Lei n\u00ba 9.784, de 29 de janeiro de 1999.<\/p>\n\n\n\n<p>\u00b7 Contenciosos instaurados por medida liminar em mandado de seguran\u00e7a.<\/p>\n\n\n\n<p>(Fonte: site da Receita Federal)<\/p>","protected":false},"excerpt":{"rendered":"<p>A Receita Federal lan\u00e7ou o Edital de Transa\u00e7\u00e3o n\u00ba 1 em mar\u00e7o de 2024, com a proposta de transa\u00e7\u00e3o por ades\u00e3o de cr\u00e9dito de natureza tribut\u00e1ria em contencioso administrativo, no \u00e2mbito do Litigio Zero 2024. O prazo para que pessoas F\u00edsicas e Jur\u00eddicas fa\u00e7am sua ades\u00e3o terminar\u00e1 no pr\u00f3ximo dia 31 de julho. S\u00e3o eleg\u00edveis [&hellip;]<\/p>","protected":false},"author":4,"featured_media":0,"comment_status":"closed","ping_status":"open","sticky":false,"template":"","format":"standard","meta":{"_et_pb_use_builder":"","_et_pb_old_content":"","_et_gb_content_width":"","inline_featured_image":false,"footnotes":""},"categories":[1],"tags":[],"class_list":["post-2768","post","type-post","status-publish","format-standard","hentry","category-sem-categoria"],"acf":[],"yoast_head":"<!-- This site is optimized with the Yoast SEO plugin v21.1 - https:\/\/yoast.com\/wordpress\/plugins\/seo\/ -->\n<title>Lit\u00edgio Zero \u2013 Prazo de Ades\u00e3o termina em 31\/07 - Garcia &amp; Keener Advogados<\/title>\n<meta name=\"robots\" content=\"index, follow, max-snippet:-1, max-image-preview:large, max-video-preview:-1\" \/>\n<link rel=\"canonical\" href=\"https:\/\/www.garciakeener.com.br\/en\/litigio-zero-prazo-de-adesao-termina-em-31-07\/\" \/>\n<meta property=\"og:locale\" content=\"en_US\" \/>\n<meta property=\"og:type\" content=\"article\" \/>\n<meta property=\"og:title\" content=\"Lit\u00edgio Zero \u2013 Prazo de Ades\u00e3o termina em 31\/07 - Garcia &amp; Keener Advogados\" \/>\n<meta property=\"og:description\" content=\"A Receita Federal lan\u00e7ou o Edital de Transa\u00e7\u00e3o n\u00ba 1 em mar\u00e7o de 2024, com a proposta de transa\u00e7\u00e3o por ades\u00e3o de cr\u00e9dito de natureza tribut\u00e1ria em contencioso administrativo, no \u00e2mbito do Litigio Zero 2024. O prazo para que pessoas F\u00edsicas e Jur\u00eddicas fa\u00e7am sua ades\u00e3o terminar\u00e1 no pr\u00f3ximo dia 31 de julho. S\u00e3o eleg\u00edveis [&hellip;]\" \/>\n<meta property=\"og:url\" content=\"https:\/\/www.garciakeener.com.br\/en\/wp-json\/wp\/v2\/posts\/2768\" \/>\n<meta property=\"og:site_name\" content=\"Garcia &amp; Keener Advogados\" \/>\n<meta property=\"article:published_time\" content=\"2024-07-11T14:41:39+00:00\" \/>\n<meta name=\"author\" content=\"Dani Sampaio\" \/>\n<meta name=\"twitter:card\" content=\"summary_large_image\" \/>\n<meta name=\"twitter:label1\" content=\"Written by\" \/>\n\t<meta name=\"twitter:data1\" content=\"Dani Sampaio\" \/>\n\t<meta name=\"twitter:label2\" content=\"Est. reading time\" \/>\n\t<meta name=\"twitter:data2\" content=\"2 minutes\" \/>\n<script type=\"application\/ld+json\" class=\"yoast-schema-graph\">{\"@context\":\"https:\/\/schema.org\",\"@graph\":[{\"@type\":\"WebPage\",\"@id\":\"https:\/\/www.garciakeener.com.br\/litigio-zero-prazo-de-adesao-termina-em-31-07\/\",\"url\":\"https:\/\/www.garciakeener.com.br\/litigio-zero-prazo-de-adesao-termina-em-31-07\/\",\"name\":\"Lit\u00edgio Zero \u2013 Prazo de Ades\u00e3o termina em 31\/07 - Garcia &amp; Keener Advogados\",\"isPartOf\":{\"@id\":\"https:\/\/www.garciakeener.com.br\/#website\"},\"datePublished\":\"2024-07-11T14:41:39+00:00\",\"dateModified\":\"2024-07-11T14:41:39+00:00\",\"author\":{\"@id\":\"https:\/\/www.garciakeener.com.br\/#\/schema\/person\/9f5520a36b5b7a26cff642e5547fc8fa\"},\"breadcrumb\":{\"@id\":\"https:\/\/www.garciakeener.com.br\/litigio-zero-prazo-de-adesao-termina-em-31-07\/#breadcrumb\"},\"inLanguage\":\"en-US\",\"potentialAction\":[{\"@type\":\"ReadAction\",\"target\":[\"https:\/\/www.garciakeener.com.br\/litigio-zero-prazo-de-adesao-termina-em-31-07\/\"]}]},{\"@type\":\"BreadcrumbList\",\"@id\":\"https:\/\/www.garciakeener.com.br\/litigio-zero-prazo-de-adesao-termina-em-31-07\/#breadcrumb\",\"itemListElement\":[{\"@type\":\"ListItem\",\"position\":1,\"name\":\"In\u00edcio\",\"item\":\"https:\/\/www.garciakeener.com.br\/\"},{\"@type\":\"ListItem\",\"position\":2,\"name\":\"Lit\u00edgio Zero \u2013 Prazo de Ades\u00e3o termina em 31\/07\"}]},{\"@type\":\"WebSite\",\"@id\":\"https:\/\/www.garciakeener.com.br\/#website\",\"url\":\"https:\/\/www.garciakeener.com.br\/\",\"name\":\"Garcia &amp; Keener Advogados\",\"description\":\"Escrit\u00f3rio de advocacia tradicional, com sede no Rio de Janeiro. Atende clientes de todo Brasil e \u00e9 pioneiro no atendimento a clientes estrangeiros no pa\u00eds.\",\"potentialAction\":[{\"@type\":\"SearchAction\",\"target\":{\"@type\":\"EntryPoint\",\"urlTemplate\":\"https:\/\/www.garciakeener.com.br\/?s={search_term_string}\"},\"query-input\":\"required name=search_term_string\"}],\"inLanguage\":\"en-US\"},{\"@type\":\"Person\",\"@id\":\"https:\/\/www.garciakeener.com.br\/#\/schema\/person\/9f5520a36b5b7a26cff642e5547fc8fa\",\"name\":\"Dani Sampaio\",\"image\":{\"@type\":\"ImageObject\",\"inLanguage\":\"en-US\",\"@id\":\"https:\/\/www.garciakeener.com.br\/#\/schema\/person\/image\/\",\"url\":\"https:\/\/secure.gravatar.com\/avatar\/44bc97a4ae1211801df52e9999010c32a09c2b96d9fb4dd8f0f201d842d076eb?s=96&d=mm&r=g\",\"contentUrl\":\"https:\/\/secure.gravatar.com\/avatar\/44bc97a4ae1211801df52e9999010c32a09c2b96d9fb4dd8f0f201d842d076eb?s=96&d=mm&r=g\",\"caption\":\"Dani Sampaio\"},\"url\":\"https:\/\/www.garciakeener.com.br\/en\/author\/dani\/\"}]}<\/script>\n<!-- \/ Yoast SEO plugin. -->","yoast_head_json":{"title":"Lit\u00edgio Zero \u2013 Prazo de Ades\u00e3o termina em 31\/07 - Garcia &amp; Keener Advogados","robots":{"index":"index","follow":"follow","max-snippet":"max-snippet:-1","max-image-preview":"max-image-preview:large","max-video-preview":"max-video-preview:-1"},"canonical":"https:\/\/www.garciakeener.com.br\/en\/litigio-zero-prazo-de-adesao-termina-em-31-07\/","og_locale":"en_US","og_type":"article","og_title":"Lit\u00edgio Zero \u2013 Prazo de Ades\u00e3o termina em 31\/07 - Garcia &amp; Keener Advogados","og_description":"A Receita Federal lan\u00e7ou o Edital de Transa\u00e7\u00e3o n\u00ba 1 em mar\u00e7o de 2024, com a proposta de transa\u00e7\u00e3o por ades\u00e3o de cr\u00e9dito de natureza tribut\u00e1ria em contencioso administrativo, no \u00e2mbito do Litigio Zero 2024. O prazo para que pessoas F\u00edsicas e Jur\u00eddicas fa\u00e7am sua ades\u00e3o terminar\u00e1 no pr\u00f3ximo dia 31 de julho. S\u00e3o eleg\u00edveis [&hellip;]","og_url":"https:\/\/www.garciakeener.com.br\/en\/wp-json\/wp\/v2\/posts\/2768","og_site_name":"Garcia &amp; Keener Advogados","article_published_time":"2024-07-11T14:41:39+00:00","author":"Dani Sampaio","twitter_card":"summary_large_image","twitter_misc":{"Written by":"Dani Sampaio","Est. reading time":"2 minutes"},"schema":{"@context":"https:\/\/schema.org","@graph":[{"@type":"WebPage","@id":"https:\/\/www.garciakeener.com.br\/litigio-zero-prazo-de-adesao-termina-em-31-07\/","url":"https:\/\/www.garciakeener.com.br\/litigio-zero-prazo-de-adesao-termina-em-31-07\/","name":"Lit\u00edgio Zero \u2013 Prazo de Ades\u00e3o termina em 31\/07 - Garcia &amp; Keener Advogados","isPartOf":{"@id":"https:\/\/www.garciakeener.com.br\/#website"},"datePublished":"2024-07-11T14:41:39+00:00","dateModified":"2024-07-11T14:41:39+00:00","author":{"@id":"https:\/\/www.garciakeener.com.br\/#\/schema\/person\/9f5520a36b5b7a26cff642e5547fc8fa"},"breadcrumb":{"@id":"https:\/\/www.garciakeener.com.br\/litigio-zero-prazo-de-adesao-termina-em-31-07\/#breadcrumb"},"inLanguage":"en-US","potentialAction":[{"@type":"ReadAction","target":["https:\/\/www.garciakeener.com.br\/litigio-zero-prazo-de-adesao-termina-em-31-07\/"]}]},{"@type":"BreadcrumbList","@id":"https:\/\/www.garciakeener.com.br\/litigio-zero-prazo-de-adesao-termina-em-31-07\/#breadcrumb","itemListElement":[{"@type":"ListItem","position":1,"name":"In\u00edcio","item":"https:\/\/www.garciakeener.com.br\/"},{"@type":"ListItem","position":2,"name":"Lit\u00edgio Zero \u2013 Prazo de Ades\u00e3o termina em 31\/07"}]},{"@type":"WebSite","@id":"https:\/\/www.garciakeener.com.br\/#website","url":"https:\/\/www.garciakeener.com.br\/","name":"Garcia &amp; Keener Advogados","description":"Escrit\u00f3rio de advocacia tradicional, com sede no Rio de Janeiro. Atende clientes de todo Brasil e \u00e9 pioneiro no atendimento a clientes estrangeiros no pa\u00eds.","potentialAction":[{"@type":"SearchAction","target":{"@type":"EntryPoint","urlTemplate":"https:\/\/www.garciakeener.com.br\/?s={search_term_string}"},"query-input":"required name=search_term_string"}],"inLanguage":"en-US"},{"@type":"Person","@id":"https:\/\/www.garciakeener.com.br\/#\/schema\/person\/9f5520a36b5b7a26cff642e5547fc8fa","name":"Dani Sampaio","image":{"@type":"ImageObject","inLanguage":"en-US","@id":"https:\/\/www.garciakeener.com.br\/#\/schema\/person\/image\/","url":"https:\/\/secure.gravatar.com\/avatar\/44bc97a4ae1211801df52e9999010c32a09c2b96d9fb4dd8f0f201d842d076eb?s=96&d=mm&r=g","contentUrl":"https:\/\/secure.gravatar.com\/avatar\/44bc97a4ae1211801df52e9999010c32a09c2b96d9fb4dd8f0f201d842d076eb?s=96&d=mm&r=g","caption":"Dani Sampaio"},"url":"https:\/\/www.garciakeener.com.br\/en\/author\/dani\/"}]}},"_links":{"self":[{"href":"https:\/\/www.garciakeener.com.br\/en\/wp-json\/wp\/v2\/posts\/2768","targetHints":{"allow":["GET"]}}],"collection":[{"href":"https:\/\/www.garciakeener.com.br\/en\/wp-json\/wp\/v2\/posts"}],"about":[{"href":"https:\/\/www.garciakeener.com.br\/en\/wp-json\/wp\/v2\/types\/post"}],"author":[{"embeddable":true,"href":"https:\/\/www.garciakeener.com.br\/en\/wp-json\/wp\/v2\/users\/4"}],"replies":[{"embeddable":true,"href":"https:\/\/www.garciakeener.com.br\/en\/wp-json\/wp\/v2\/comments?post=2768"}],"version-history":[{"count":1,"href":"https:\/\/www.garciakeener.com.br\/en\/wp-json\/wp\/v2\/posts\/2768\/revisions"}],"predecessor-version":[{"id":2769,"href":"https:\/\/www.garciakeener.com.br\/en\/wp-json\/wp\/v2\/posts\/2768\/revisions\/2769"}],"wp:attachment":[{"href":"https:\/\/www.garciakeener.com.br\/en\/wp-json\/wp\/v2\/media?parent=2768"}],"wp:term":[{"taxonomy":"category","embeddable":true,"href":"https:\/\/www.garciakeener.com.br\/en\/wp-json\/wp\/v2\/categories?post=2768"},{"taxonomy":"post_tag","embeddable":true,"href":"https:\/\/www.garciakeener.com.br\/en\/wp-json\/wp\/v2\/tags?post=2768"}],"curies":[{"name":"wp","href":"https:\/\/api.w.org\/{rel}","templated":true}]}}