{"id":2894,"date":"2025-03-18T17:54:38","date_gmt":"2025-03-18T20:54:38","guid":{"rendered":"https:\/\/www.garciakeener.com.br\/?p=2894"},"modified":"2025-03-18T17:54:38","modified_gmt":"2025-03-18T20:54:38","slug":"juiz-pode-exigir-emenda-da-inicial-ao-identificar-indicios-de-litigancia-predatoria-diz-stj","status":"publish","type":"post","link":"https:\/\/www.garciakeener.com.br\/en\/juiz-pode-exigir-emenda-da-inicial-ao-identificar-indicios-de-litigancia-predatoria-diz-stj\/","title":{"rendered":"Juiz pode exigir emenda da inicial ao identificar ind\u00edcios de litig\u00e2ncia predat\u00f3ria, diz STJ"},"content":{"rendered":"<p>Discuss\u00e3o do Tema 1198 buscava definir o poder geral de cautela dos ju\u00edzes ao verificarem a ocorr\u00eancia de litig\u00e2ncia abusiva<\/p>\n\n\n\n<p>Por maioria de votos, a Corte Especial do Superior Tribunal de Justi\u00e7a (<a href=\"https:\/\/www.jota.info\/tudo-sobre\/stj\">STJ<\/a>) determinou nesta quinta-feira (13\/3\/2025) que, constatados ind\u00edcios de litig\u00e2ncia predat\u00f3ria, o juiz pode exigir, de modo fundamentado e com observ\u00e2ncia \u00e0 razoabilidade do caso concreto, a emenda da peti\u00e7\u00e3o inicial, a fim de demonstrar o interesse de agir e a autenticidade da postula\u00e7\u00e3o, respeitadas as regras de distribui\u00e7\u00e3o do \u00f4nus da prova.<\/p>\n\n\n\n<p>A determina\u00e7\u00e3o foi dada no \u00e2mbito do julgamento do Tema 1198 dos recursos repetitivos, sob relatoria do ministro <a href=\"https:\/\/www.jota.info\/tudo-sobre\/moura-ribeiro\">Moura Ribeiro<\/a>, que buscava definir o poder geral de cautela dos magistrados quando vislumbrem a ocorr\u00eancia de litig\u00e2ncia predat\u00f3ria.<\/p>\n\n\n\n<p>O <a href=\"https:\/\/processo.stj.jus.br\/processo\/pesquisa\/?tipoPesquisa=tipoPesquisaNumeroRegistro&amp;termo=202202627536&amp;totalRegistrosPorPagina=40&amp;aplicacao=processos.ea\">REsp 2021665<\/a>&nbsp;tem origem no Tribunal de Justi\u00e7a do Mato Grosso do Sul (<a href=\"https:\/\/www.jota.info\/tudo-sobre\/tjms\">TJMS<\/a>) e discutia a \u201cpossibilidade de o juiz, vislumbrando a ocorr\u00eancia de litig\u00e2ncia predat\u00f3ria, exigir que a parte autora emende a peti\u00e7\u00e3o inicial com apresenta\u00e7\u00e3o de documentos capazes de lastrear minimamente as pretens\u00f5es deduzidas em ju\u00edzo, como procura\u00e7\u00e3o atualizada, declara\u00e7\u00e3o de pobreza e de resid\u00eancia, c\u00f3pias do contrato e dos extratos banc\u00e1rios\u201d.<\/p>\n\n\n\n<p>A sess\u00e3o de julgamento do recurso foi retomada com o voto-vista do ministro <a href=\"https:\/\/www.jota.info\/tudo-sobre\/luis-felipe-salomao\">Lu\u00eds Felipe Salom\u00e3o<\/a>, que acompanhou a tese proposta pelo relator. Em seu voto, Salom\u00e3o ressaltou a necessidade de a Corte fixar uma tese em torno da problem\u00e1tica e destacou, al\u00e9m disso, a import\u00e2ncia de se adotar uma pol\u00edtica judici\u00e1ria que reprima a fraude e o abuso, mas n\u00e3o impe\u00e7a o acesso \u00e0 justi\u00e7a.<\/p>\n\n\n\n<p>&#8220;O acesso respons\u00e1vel e razo\u00e1vel deve ser a regra, sob pena de inviabiliza\u00e7\u00e3o do pr\u00f3prio sistema de justi\u00e7a. O uso mal intencionado, mediante a cria\u00e7\u00e3o de demandas fraudulentas, com o uso de artif\u00edcios, constitui abuso e, portanto, deve ser identificado e exclu\u00eddo&#8221;, pontuou Salom\u00e3o.<\/p>\n\n\n\n<p>Dessa forma, ponderou que a simples exist\u00eancia de demandas repetitivas ou em massa no Poder Judici\u00e1rio n\u00e3o parecem ser suficientes por si s\u00f3 para classificar as demandas como de natureza abusiva ou predat\u00f3ria, e que a diferencia\u00e7\u00e3o entre os fen\u00f4menos \u00e9 de suma import\u00e2ncia. Assim, ilustrou que o juiz deve declinar as raz\u00f5es, caso a caso, pelas quais entende que h\u00e1 a possibilidade de configura\u00e7\u00e3o da pr\u00e1tica de litig\u00e2ncia abusiva no caso em concreto, indicando seus fundamentos.<\/p>\n\n\n\n<p>&#8220;Ademais, na fase de cumprimento de senten\u00e7a, quando j\u00e1 obtida a provid\u00eancia na a\u00e7\u00e3o de conhecimento e superada a estabiliza\u00e7\u00e3o da lide, parece tamb\u00e9m natural que as exig\u00eancias de documentos devem ser minimizadas, de modo a permitir que o vencedor da lide possa implementar o seu efetivo cumprimento&#8221;, destacou Salom\u00e3o.<\/p>\n\n\n\n<p>Os ministros Jo\u00e3o Ot\u00e1vio de Noronha, Raul Ara\u00fajo, Isabel Gallotti e Ricardo Villas B\u00f4as Cueva ficaram vencidos quanto \u00e0 retirada da express\u00e3o &#8220;respeitadas as regras de distribui\u00e7\u00e3o do \u00f4nus da prova&#8221; da tese apresentada pelo relator.<\/p>\n\n\n\n<p>Durante a discuss\u00e3o de elabora\u00e7\u00e3o da tese, os ministros ressaltaram que, al\u00e9m de estarem amparadas em dispositivos processuais e no poder geral de cautela, as exig\u00eancias documentais feitas pelos magistrados est\u00e3o em conson\u00e2ncia com o que foi determinado pelo Conselho Nacional de Justi\u00e7a (<a href=\"https:\/\/www.jota.info\/tudo-sobre\/cnj\">CNJ<\/a>) na Recomenda\u00e7\u00e3o 159\/2024, que estabeleceu medidas para identificar, tratar e prevenir o fen\u00f4meno da litig\u00e2ncia predat\u00f3ria no Poder Judici\u00e1rio.<\/p>\n\n\n\n<p>Fonte: JOTA de 140\/03\/2025 (editado)<\/p>","protected":false},"excerpt":{"rendered":"<p>Discuss\u00e3o do Tema 1198 buscava definir o poder geral de cautela dos ju\u00edzes ao verificarem a ocorr\u00eancia de litig\u00e2ncia abusiva Por maioria de votos, a Corte Especial do Superior Tribunal de Justi\u00e7a (STJ) determinou nesta quinta-feira (13\/3\/2025) que, constatados ind\u00edcios de litig\u00e2ncia predat\u00f3ria, o juiz pode exigir, de modo fundamentado e com observ\u00e2ncia \u00e0 razoabilidade [&hellip;]<\/p>","protected":false},"author":4,"featured_media":0,"comment_status":"closed","ping_status":"open","sticky":false,"template":"","format":"standard","meta":{"_et_pb_use_builder":"","_et_pb_old_content":"","_et_gb_content_width":"","inline_featured_image":false,"footnotes":""},"categories":[1],"tags":[],"class_list":["post-2894","post","type-post","status-publish","format-standard","hentry","category-sem-categoria"],"acf":[],"yoast_head":"<!-- This site is optimized with the Yoast SEO plugin v21.1 - https:\/\/yoast.com\/wordpress\/plugins\/seo\/ -->\n<title>Juiz pode exigir emenda da inicial ao identificar ind\u00edcios de litig\u00e2ncia predat\u00f3ria, diz STJ - Garcia &amp; Keener Advogados<\/title>\n<meta name=\"robots\" content=\"index, follow, max-snippet:-1, max-image-preview:large, max-video-preview:-1\" \/>\n<link rel=\"canonical\" href=\"https:\/\/www.garciakeener.com.br\/en\/juiz-pode-exigir-emenda-da-inicial-ao-identificar-indicios-de-litigancia-predatoria-diz-stj\/\" \/>\n<meta property=\"og:locale\" content=\"en_US\" \/>\n<meta property=\"og:type\" content=\"article\" \/>\n<meta property=\"og:title\" content=\"Juiz pode exigir emenda da inicial ao identificar ind\u00edcios de litig\u00e2ncia predat\u00f3ria, diz STJ - Garcia &amp; Keener Advogados\" \/>\n<meta property=\"og:description\" content=\"Discuss\u00e3o do Tema 1198 buscava definir o poder geral de cautela dos ju\u00edzes ao verificarem a ocorr\u00eancia de litig\u00e2ncia abusiva Por maioria de votos, a Corte Especial do Superior Tribunal de Justi\u00e7a (STJ) determinou nesta quinta-feira (13\/3\/2025) que, constatados ind\u00edcios de litig\u00e2ncia predat\u00f3ria, o juiz pode exigir, de modo fundamentado e com observ\u00e2ncia \u00e0 razoabilidade [&hellip;]\" \/>\n<meta property=\"og:url\" content=\"https:\/\/www.garciakeener.com.br\/en\/wp-json\/wp\/v2\/posts\/2894\" \/>\n<meta property=\"og:site_name\" content=\"Garcia &amp; Keener Advogados\" \/>\n<meta property=\"article:published_time\" content=\"2025-03-18T20:54:38+00:00\" \/>\n<meta name=\"author\" content=\"Dani Sampaio\" \/>\n<meta name=\"twitter:card\" content=\"summary_large_image\" \/>\n<meta name=\"twitter:label1\" content=\"Written by\" \/>\n\t<meta name=\"twitter:data1\" content=\"Dani Sampaio\" \/>\n\t<meta name=\"twitter:label2\" content=\"Est. reading time\" \/>\n\t<meta name=\"twitter:data2\" content=\"3 minutes\" \/>\n<script type=\"application\/ld+json\" class=\"yoast-schema-graph\">{\"@context\":\"https:\/\/schema.org\",\"@graph\":[{\"@type\":\"WebPage\",\"@id\":\"https:\/\/www.garciakeener.com.br\/juiz-pode-exigir-emenda-da-inicial-ao-identificar-indicios-de-litigancia-predatoria-diz-stj\/\",\"url\":\"https:\/\/www.garciakeener.com.br\/juiz-pode-exigir-emenda-da-inicial-ao-identificar-indicios-de-litigancia-predatoria-diz-stj\/\",\"name\":\"Juiz pode exigir emenda da inicial ao identificar ind\u00edcios de litig\u00e2ncia predat\u00f3ria, diz STJ - Garcia &amp; Keener Advogados\",\"isPartOf\":{\"@id\":\"https:\/\/www.garciakeener.com.br\/#website\"},\"datePublished\":\"2025-03-18T20:54:38+00:00\",\"dateModified\":\"2025-03-18T20:54:38+00:00\",\"author\":{\"@id\":\"https:\/\/www.garciakeener.com.br\/#\/schema\/person\/9f5520a36b5b7a26cff642e5547fc8fa\"},\"breadcrumb\":{\"@id\":\"https:\/\/www.garciakeener.com.br\/juiz-pode-exigir-emenda-da-inicial-ao-identificar-indicios-de-litigancia-predatoria-diz-stj\/#breadcrumb\"},\"inLanguage\":\"en-US\",\"potentialAction\":[{\"@type\":\"ReadAction\",\"target\":[\"https:\/\/www.garciakeener.com.br\/juiz-pode-exigir-emenda-da-inicial-ao-identificar-indicios-de-litigancia-predatoria-diz-stj\/\"]}]},{\"@type\":\"BreadcrumbList\",\"@id\":\"https:\/\/www.garciakeener.com.br\/juiz-pode-exigir-emenda-da-inicial-ao-identificar-indicios-de-litigancia-predatoria-diz-stj\/#breadcrumb\",\"itemListElement\":[{\"@type\":\"ListItem\",\"position\":1,\"name\":\"In\u00edcio\",\"item\":\"https:\/\/www.garciakeener.com.br\/\"},{\"@type\":\"ListItem\",\"position\":2,\"name\":\"Juiz pode exigir emenda da inicial ao identificar ind\u00edcios de litig\u00e2ncia predat\u00f3ria, diz STJ\"}]},{\"@type\":\"WebSite\",\"@id\":\"https:\/\/www.garciakeener.com.br\/#website\",\"url\":\"https:\/\/www.garciakeener.com.br\/\",\"name\":\"Garcia &amp; Keener Advogados\",\"description\":\"Escrit\u00f3rio de advocacia tradicional, com sede no Rio de Janeiro. Atende clientes de todo Brasil e \u00e9 pioneiro no atendimento a clientes estrangeiros no pa\u00eds.\",\"potentialAction\":[{\"@type\":\"SearchAction\",\"target\":{\"@type\":\"EntryPoint\",\"urlTemplate\":\"https:\/\/www.garciakeener.com.br\/?s={search_term_string}\"},\"query-input\":\"required name=search_term_string\"}],\"inLanguage\":\"en-US\"},{\"@type\":\"Person\",\"@id\":\"https:\/\/www.garciakeener.com.br\/#\/schema\/person\/9f5520a36b5b7a26cff642e5547fc8fa\",\"name\":\"Dani Sampaio\",\"image\":{\"@type\":\"ImageObject\",\"inLanguage\":\"en-US\",\"@id\":\"https:\/\/www.garciakeener.com.br\/#\/schema\/person\/image\/\",\"url\":\"https:\/\/secure.gravatar.com\/avatar\/44bc97a4ae1211801df52e9999010c32a09c2b96d9fb4dd8f0f201d842d076eb?s=96&d=mm&r=g\",\"contentUrl\":\"https:\/\/secure.gravatar.com\/avatar\/44bc97a4ae1211801df52e9999010c32a09c2b96d9fb4dd8f0f201d842d076eb?s=96&d=mm&r=g\",\"caption\":\"Dani Sampaio\"},\"url\":\"https:\/\/www.garciakeener.com.br\/en\/author\/dani\/\"}]}<\/script>\n<!-- \/ Yoast SEO plugin. -->","yoast_head_json":{"title":"Juiz pode exigir emenda da inicial ao identificar ind\u00edcios de litig\u00e2ncia predat\u00f3ria, diz STJ - Garcia &amp; Keener Advogados","robots":{"index":"index","follow":"follow","max-snippet":"max-snippet:-1","max-image-preview":"max-image-preview:large","max-video-preview":"max-video-preview:-1"},"canonical":"https:\/\/www.garciakeener.com.br\/en\/juiz-pode-exigir-emenda-da-inicial-ao-identificar-indicios-de-litigancia-predatoria-diz-stj\/","og_locale":"en_US","og_type":"article","og_title":"Juiz pode exigir emenda da inicial ao identificar ind\u00edcios de litig\u00e2ncia predat\u00f3ria, diz STJ - Garcia &amp; Keener Advogados","og_description":"Discuss\u00e3o do Tema 1198 buscava definir o poder geral de cautela dos ju\u00edzes ao verificarem a ocorr\u00eancia de litig\u00e2ncia abusiva Por maioria de votos, a Corte Especial do Superior Tribunal de Justi\u00e7a (STJ) determinou nesta quinta-feira (13\/3\/2025) que, constatados ind\u00edcios de litig\u00e2ncia predat\u00f3ria, o juiz pode exigir, de modo fundamentado e com observ\u00e2ncia \u00e0 razoabilidade [&hellip;]","og_url":"https:\/\/www.garciakeener.com.br\/en\/wp-json\/wp\/v2\/posts\/2894","og_site_name":"Garcia &amp; Keener Advogados","article_published_time":"2025-03-18T20:54:38+00:00","author":"Dani Sampaio","twitter_card":"summary_large_image","twitter_misc":{"Written by":"Dani Sampaio","Est. reading time":"3 minutes"},"schema":{"@context":"https:\/\/schema.org","@graph":[{"@type":"WebPage","@id":"https:\/\/www.garciakeener.com.br\/juiz-pode-exigir-emenda-da-inicial-ao-identificar-indicios-de-litigancia-predatoria-diz-stj\/","url":"https:\/\/www.garciakeener.com.br\/juiz-pode-exigir-emenda-da-inicial-ao-identificar-indicios-de-litigancia-predatoria-diz-stj\/","name":"Juiz pode exigir emenda da inicial ao identificar ind\u00edcios de litig\u00e2ncia predat\u00f3ria, diz STJ - Garcia &amp; Keener Advogados","isPartOf":{"@id":"https:\/\/www.garciakeener.com.br\/#website"},"datePublished":"2025-03-18T20:54:38+00:00","dateModified":"2025-03-18T20:54:38+00:00","author":{"@id":"https:\/\/www.garciakeener.com.br\/#\/schema\/person\/9f5520a36b5b7a26cff642e5547fc8fa"},"breadcrumb":{"@id":"https:\/\/www.garciakeener.com.br\/juiz-pode-exigir-emenda-da-inicial-ao-identificar-indicios-de-litigancia-predatoria-diz-stj\/#breadcrumb"},"inLanguage":"en-US","potentialAction":[{"@type":"ReadAction","target":["https:\/\/www.garciakeener.com.br\/juiz-pode-exigir-emenda-da-inicial-ao-identificar-indicios-de-litigancia-predatoria-diz-stj\/"]}]},{"@type":"BreadcrumbList","@id":"https:\/\/www.garciakeener.com.br\/juiz-pode-exigir-emenda-da-inicial-ao-identificar-indicios-de-litigancia-predatoria-diz-stj\/#breadcrumb","itemListElement":[{"@type":"ListItem","position":1,"name":"In\u00edcio","item":"https:\/\/www.garciakeener.com.br\/"},{"@type":"ListItem","position":2,"name":"Juiz pode exigir emenda da inicial ao identificar ind\u00edcios de litig\u00e2ncia predat\u00f3ria, diz STJ"}]},{"@type":"WebSite","@id":"https:\/\/www.garciakeener.com.br\/#website","url":"https:\/\/www.garciakeener.com.br\/","name":"Garcia &amp; Keener Advogados","description":"Escrit\u00f3rio de advocacia tradicional, com sede no Rio de Janeiro. Atende clientes de todo Brasil e \u00e9 pioneiro no atendimento a clientes estrangeiros no pa\u00eds.","potentialAction":[{"@type":"SearchAction","target":{"@type":"EntryPoint","urlTemplate":"https:\/\/www.garciakeener.com.br\/?s={search_term_string}"},"query-input":"required name=search_term_string"}],"inLanguage":"en-US"},{"@type":"Person","@id":"https:\/\/www.garciakeener.com.br\/#\/schema\/person\/9f5520a36b5b7a26cff642e5547fc8fa","name":"Dani Sampaio","image":{"@type":"ImageObject","inLanguage":"en-US","@id":"https:\/\/www.garciakeener.com.br\/#\/schema\/person\/image\/","url":"https:\/\/secure.gravatar.com\/avatar\/44bc97a4ae1211801df52e9999010c32a09c2b96d9fb4dd8f0f201d842d076eb?s=96&d=mm&r=g","contentUrl":"https:\/\/secure.gravatar.com\/avatar\/44bc97a4ae1211801df52e9999010c32a09c2b96d9fb4dd8f0f201d842d076eb?s=96&d=mm&r=g","caption":"Dani Sampaio"},"url":"https:\/\/www.garciakeener.com.br\/en\/author\/dani\/"}]}},"_links":{"self":[{"href":"https:\/\/www.garciakeener.com.br\/en\/wp-json\/wp\/v2\/posts\/2894","targetHints":{"allow":["GET"]}}],"collection":[{"href":"https:\/\/www.garciakeener.com.br\/en\/wp-json\/wp\/v2\/posts"}],"about":[{"href":"https:\/\/www.garciakeener.com.br\/en\/wp-json\/wp\/v2\/types\/post"}],"author":[{"embeddable":true,"href":"https:\/\/www.garciakeener.com.br\/en\/wp-json\/wp\/v2\/users\/4"}],"replies":[{"embeddable":true,"href":"https:\/\/www.garciakeener.com.br\/en\/wp-json\/wp\/v2\/comments?post=2894"}],"version-history":[{"count":1,"href":"https:\/\/www.garciakeener.com.br\/en\/wp-json\/wp\/v2\/posts\/2894\/revisions"}],"predecessor-version":[{"id":2895,"href":"https:\/\/www.garciakeener.com.br\/en\/wp-json\/wp\/v2\/posts\/2894\/revisions\/2895"}],"wp:attachment":[{"href":"https:\/\/www.garciakeener.com.br\/en\/wp-json\/wp\/v2\/media?parent=2894"}],"wp:term":[{"taxonomy":"category","embeddable":true,"href":"https:\/\/www.garciakeener.com.br\/en\/wp-json\/wp\/v2\/categories?post=2894"},{"taxonomy":"post_tag","embeddable":true,"href":"https:\/\/www.garciakeener.com.br\/en\/wp-json\/wp\/v2\/tags?post=2894"}],"curies":[{"name":"wp","href":"https:\/\/api.w.org\/{rel}","templated":true}]}}